{"id":1284,"date":"2022-11-09T12:49:39","date_gmt":"2022-11-09T11:49:39","guid":{"rendered":"https:\/\/www.vieravisio.cat\/por-que-importa-la-miopia-por-que-es-importante-realizar-acciones-preventivas\/"},"modified":"2023-12-05T12:35:50","modified_gmt":"2023-12-05T11:35:50","slug":"por-que-importa-la-miopia-por-que-es-importante-realizar-acciones-preventivas","status":"publish","type":"post","link":"https:\/\/www.vieravisio.cat\/es\/por-que-importa-la-miopia-por-que-es-importante-realizar-acciones-preventivas\/","title":{"rendered":"\u00bfPor qu\u00e9 importa la miop\u00eda? \u00bfPor qu\u00e9 es importante realizar acciones preventivas?\ufffc"},"content":{"rendered":"\n<h2 class=\"wp-block-heading\"><strong>\u00bfPor qu\u00e9 \u00faltimamente se habla tanto sobre miop\u00eda?  <\/strong><\/h2>\n\n<p>El n\u00famero de personas afectadas por miop\u00eda est\u00e1 creciendo globalmente de forma exponencial. Se estima que actualmente en Europa m\u00e1s del 30% de la poblaci\u00f3n es miope y se calcula que el a\u00f1o 2050 afectar\u00e1 a la mitad de la poblaci\u00f3n. En Asia el n\u00famero de personas afectadas alcanza el 80%. Por tanto, la miop\u00eda se ha convertido en un problema de salud p\u00fablica global.  <strong>Se prev\u00e9 que la miop\u00eda patol\u00f3gica sea la causa m\u00e1s frecuente de discapacidad visual irreversible y de ceguera en todo el mundo.<\/strong><\/p>\n\n<h2 class=\"wp-block-heading\"><strong>\u00bfQu\u00e9 es la miop\u00eda?<\/strong><\/h2>\n\n<p>La miop\u00eda es un defecto refractivo en el que los rayos de luz que provienen del infinito se enfocan por delante de la retina, por lo que los objetos situados a distancias lejanas se ven borrosos.<\/p>\n\n<p>Esto sucede o bien porque el globo ocular es demasiado largo o las lentes que contiene (c\u00f3rnea y cristalino) tienen una potencia \u00f3ptica mayor de lo habitual.<\/p>\n\n<figure class=\"wp-block-image size-large\"><img fetchpriority=\"high\" decoding=\"async\" width=\"1024\" height=\"168\" src=\"https:\/\/www.vieravisio.cat\/wp-content\/uploads\/\/imagen-1-1024x168.png\" alt=\"\" class=\"wp-image-988\" srcset=\"https:\/\/www.vieravisio.cat\/wp-content\/uploads\/imagen-1-1024x168.png 1024w, https:\/\/www.vieravisio.cat\/wp-content\/uploads\/imagen-1-300x49.png 300w, https:\/\/www.vieravisio.cat\/wp-content\/uploads\/imagen-1-768x126.png 768w, https:\/\/www.vieravisio.cat\/wp-content\/uploads\/imagen-1.png 1316w\" sizes=\"(max-width: 1024px) 100vw, 1024px\" \/><\/figure>\n\n<p>Existen varios tipos de miop\u00eda: simple, magna o alta y patol\u00f3gica. Teniendo en cuenta el valor de la refracci\u00f3n, se considera miop\u00eda simple cuando es menor de 6,00D y miop\u00eda magna o alta miop\u00eda cuando es igual o superior a 6,00D y la longitud axial es mayor de 26,00mm. Es necesario ser consciente de que la miop\u00eda magna se convierte en patol\u00f3gica cuando presenta cambios anat\u00f3micos y estructurales que se consideran patol\u00f3gicos.<\/p>\n\n<h2 class=\"wp-block-heading\"><strong>\u00bfPor qu\u00e9 importa la miop\u00eda?<\/strong><\/h2>\n\n<p>Tener miop\u00eda es mucho m\u00e1s que ver borroso de lejos. La miop\u00eda, a medida que aumenta, provoca cambios anat\u00f3micos y estructurales, por lo que el riesgo de sufrir complicaciones oculares est\u00e1 directamente relacionado con su magnitud.<\/p>\n\n<p>El aumento de la longitud del globo ocular en los ojos miopes es la causa de estos cambios y de la posibilidad de sufrir diferentes patolog\u00edas como cataratas, glaucoma, desprendimientos de retina, degeneraci\u00f3n macular mi\u00f3pica y neuropat\u00eda \u00f3ptica.<\/p>\n\n<p><strong>En algunos pa\u00edses las consecuencias de la alta miop\u00eda se han convertido en una de las causas m\u00e1s comunes de ceguera irreversible.<\/strong><\/p>\n\n<figure class=\"wp-block-image size-large\"><img decoding=\"async\" width=\"1024\" height=\"449\" src=\"https:\/\/www.vieravisio.cat\/wp-content\/uploads\/\/imatge-2-1024x449.png\" alt=\"\" class=\"wp-image-995\" srcset=\"https:\/\/www.vieravisio.cat\/wp-content\/uploads\/imatge-2-1024x449.png 1024w, https:\/\/www.vieravisio.cat\/wp-content\/uploads\/imatge-2-300x132.png 300w, https:\/\/www.vieravisio.cat\/wp-content\/uploads\/imatge-2-768x337.png 768w, https:\/\/www.vieravisio.cat\/wp-content\/uploads\/imatge-2.png 1140w\" sizes=\"(max-width: 1024px) 100vw, 1024px\" \/><\/figure>\n\n<p>La miop\u00eda se presenta cada vez con mayor frecuencia en ni\u00f1os de menor edad, lo que supone un mayor riesgo de padecer patolog\u00edas que amenacen la salud visual en la edad adulta. Las patolog\u00edas que van asociadas a su magnitud, el aumento exponencial y su presencia en ni\u00f1os cada vez m\u00e1s peque\u00f1os ha conducido a la realizaci\u00f3n de m\u00faltiples estudios y actualmente est\u00e1n abiertas diversas l\u00edneas de investigaci\u00f3n que tienen por objetivo entender las causas de \u00e9sta otra pandemia mundial, descubrir c\u00f3mo prevenirla y controlar su progresi\u00f3n.<\/p>\n\n<p>En Viera Visi\u00f3, como \u00f3pticos-optometristas profesionales de la visi\u00f3n, tenemos una responsabilidad \u00e9tica en el manejo de pacientes en edad pedi\u00e1trica, velamos por la importancia de la detecci\u00f3n temprana, de la educaci\u00f3n de los ni\u00f1os y j\u00f3venes, de informar sobre los diversos tratamientos y proponer tratamiento \u00f3pticos para el control de la progresi\u00f3n de la miop\u00eda.<\/p>\n\n<h2 class=\"wp-block-heading\"><strong>\u00bfC\u00f3mo retrasar el inicio o progresi\u00f3n de la miop\u00eda?<\/strong><\/h2>\n\n<ul class=\"wp-block-list\"><li>Pasar m\u00e1s tiempo al aire libre: los ni\u00f1os deber\u00edan estar al menos entre 80 y 120 minutos expuestos a la luz solar.<\/li><li>Evitar el retraso en la producci\u00f3n circadiana de la melatonina, vigilando los ritmos de sue\u00f1o en los ni\u00f1os.<\/li><li>Cuidar la dieta: niveles adecuados de Vitamina D y no ingerir demasiados az\u00facares y grasas saturadas, ya que favorecen la elongaci\u00f3n axial.<\/li><li>Regular las horas dedicadas a la visi\u00f3n de cerca, en los dispositivos electr\u00f3nicos y pantallas: exigen una demanda visual demasiado alta de forma que es dif\u00edcil obtener una imagen n\u00edtida y enfocada durante todas las horas dedicadas a tareas de visi\u00f3n cercana. Esto puede favorecer el incremento de la longitud axial del ojo.<\/li><\/ul>\n\n<h2 class=\"wp-block-heading\"><strong>\u00bfQu\u00e9 tratamientos existen?<\/strong><\/h2>\n\n<ul class=\"wp-block-list\"><li>Tratamientos farmacol\u00f3gicos: atropina aplicada en distintas concentraciones ha demostrado ser eficaz en la disminuci\u00f3n de la progresi\u00f3n de la miop\u00eda.<\/li><li>Tratamientos \u00f3pticos: lentes oft\u00e1lmicas con desenfoque perif\u00e9rico, lentes de contacto blandas de desenfoque perif\u00e9rico mi\u00f3pico y la ortoqueratolog\u00eda son tratamientos con evidencia cient\u00edfica que reducen el crecimiento del globo ocular.<\/li><\/ul>\n\n<p><\/p>\n\n<p><\/p>\n\n<p>[Gonz\u00e1lez Meijome JM, 2021]  <\/p>\n\n<p>International Myopia Institut<\/p>\n\n<p>[Batras L, 2022]<\/p>\n\n<p>[Benavente A, 2021]<\/p>\n\n<p>[Chakraborty R, 2021]<\/p>\n","protected":false},"excerpt":{"rendered":"<p>\u00bfPor qu\u00e9 \u00faltimamente se habla tanto sobre miop\u00eda? El n\u00famero de personas afectadas por miop\u00eda est\u00e1 creciendo globalmente de forma exponencial. Se estima que actualmente en Europa m\u00e1s del 30% de la poblaci\u00f3n es miope y se calcula que el a\u00f1o 2050 afectar\u00e1 a la mitad de la poblaci\u00f3n. En Asia el n\u00famero de personas [&hellip;]<\/p>\n","protected":false},"author":3,"featured_media":1249,"comment_status":"closed","ping_status":"closed","sticky":false,"template":"","format":"standard","meta":{"_uag_custom_page_level_css":"","site-sidebar-layout":"default","site-content-layout":"","ast-site-content-layout":"default","site-content-style":"default","site-sidebar-style":"default","ast-global-header-display":"","ast-banner-title-visibility":"","ast-main-header-display":"","ast-hfb-above-header-display":"","ast-hfb-below-header-display":"","ast-hfb-mobile-header-display":"","site-post-title":"","ast-breadcrumbs-content":"","ast-featured-img":"","footer-sml-layout":"","ast-disable-related-posts":"","theme-transparent-header-meta":"","adv-header-id-meta":"","stick-header-meta":"","header-above-stick-meta":"","header-main-stick-meta":"","header-below-stick-meta":"","astra-migrate-meta-layouts":"default","ast-page-background-enabled":"default","ast-page-background-meta":{"desktop":{"background-color":"","background-image":"","background-repeat":"repeat","background-position":"center center","background-size":"auto","background-attachment":"scroll","background-type":"","background-media":"","overlay-type":"","overlay-color":"","overlay-opacity":"","overlay-gradient":""},"tablet":{"background-color":"","background-image":"","background-repeat":"repeat","background-position":"center center","background-size":"auto","background-attachment":"scroll","background-type":"","background-media":"","overlay-type":"","overlay-color":"","overlay-opacity":"","overlay-gradient":""},"mobile":{"background-color":"","background-image":"","background-repeat":"repeat","background-position":"center center","background-size":"auto","background-attachment":"scroll","background-type":"","background-media":"","overlay-type":"","overlay-color":"","overlay-opacity":"","overlay-gradient":""}},"ast-content-background-meta":{"desktop":{"background-color":"var(--ast-global-color-5)","background-image":"","background-repeat":"repeat","background-position":"center center","background-size":"auto","background-attachment":"scroll","background-type":"","background-media":"","overlay-type":"","overlay-color":"","overlay-opacity":"","overlay-gradient":""},"tablet":{"background-color":"var(--ast-global-color-5)","background-image":"","background-repeat":"repeat","background-position":"center center","background-size":"auto","background-attachment":"scroll","background-type":"","background-media":"","overlay-type":"","overlay-color":"","overlay-opacity":"","overlay-gradient":""},"mobile":{"background-color":"var(--ast-global-color-5)","background-image":"","background-repeat":"repeat","background-position":"center center","background-size":"auto","background-attachment":"scroll","background-type":"","background-media":"","overlay-type":"","overlay-color":"","overlay-opacity":"","overlay-gradient":""}},"footnotes":""},"categories":[12],"tags":[19],"class_list":["post-1284","post","type-post","status-publish","format-standard","has-post-thumbnail","hentry","category-noticias","tag-miopia-es"],"uagb_featured_image_src":{"full":["https:\/\/www.vieravisio.cat\/wp-content\/uploads\/imatge-destacada.png",1140,500,false],"thumbnail":["https:\/\/www.vieravisio.cat\/wp-content\/uploads\/imatge-destacada-150x150.png",150,150,true],"medium":["https:\/\/www.vieravisio.cat\/wp-content\/uploads\/imatge-destacada-300x132.png",300,132,true],"medium_large":["https:\/\/www.vieravisio.cat\/wp-content\/uploads\/imatge-destacada-768x337.png",768,337,true],"large":["https:\/\/www.vieravisio.cat\/wp-content\/uploads\/imatge-destacada-1024x449.png",1024,449,true],"1536x1536":["https:\/\/www.vieravisio.cat\/wp-content\/uploads\/imatge-destacada.png",1140,500,false],"2048x2048":["https:\/\/www.vieravisio.cat\/wp-content\/uploads\/imatge-destacada.png",1140,500,false],"gform-image-choice-sm":["https:\/\/www.vieravisio.cat\/wp-content\/uploads\/imatge-destacada.png",300,132,false],"gform-image-choice-md":["https:\/\/www.vieravisio.cat\/wp-content\/uploads\/imatge-destacada.png",400,175,false],"gform-image-choice-lg":["https:\/\/www.vieravisio.cat\/wp-content\/uploads\/imatge-destacada.png",600,263,false]},"uagb_author_info":{"display_name":"viera","author_link":"https:\/\/www.vieravisio.cat\/es\/author\/viera\/"},"uagb_comment_info":0,"uagb_excerpt":"\u00bfPor qu\u00e9 \u00faltimamente se habla tanto sobre miop\u00eda? El n\u00famero de personas afectadas por miop\u00eda est\u00e1 creciendo globalmente de forma exponencial. Se estima que actualmente en Europa m\u00e1s del 30% de la poblaci\u00f3n es miope y se calcula que el a\u00f1o 2050 afectar\u00e1 a la mitad de la poblaci\u00f3n. En Asia el n\u00famero de personas&hellip;","_links":{"self":[{"href":"https:\/\/www.vieravisio.cat\/es\/wp-json\/wp\/v2\/posts\/1284","targetHints":{"allow":["GET"]}}],"collection":[{"href":"https:\/\/www.vieravisio.cat\/es\/wp-json\/wp\/v2\/posts"}],"about":[{"href":"https:\/\/www.vieravisio.cat\/es\/wp-json\/wp\/v2\/types\/post"}],"author":[{"embeddable":true,"href":"https:\/\/www.vieravisio.cat\/es\/wp-json\/wp\/v2\/users\/3"}],"replies":[{"embeddable":true,"href":"https:\/\/www.vieravisio.cat\/es\/wp-json\/wp\/v2\/comments?post=1284"}],"version-history":[{"count":3,"href":"https:\/\/www.vieravisio.cat\/es\/wp-json\/wp\/v2\/posts\/1284\/revisions"}],"predecessor-version":[{"id":1339,"href":"https:\/\/www.vieravisio.cat\/es\/wp-json\/wp\/v2\/posts\/1284\/revisions\/1339"}],"wp:featuredmedia":[{"embeddable":true,"href":"https:\/\/www.vieravisio.cat\/es\/wp-json\/wp\/v2\/media\/1249"}],"wp:attachment":[{"href":"https:\/\/www.vieravisio.cat\/es\/wp-json\/wp\/v2\/media?parent=1284"}],"wp:term":[{"taxonomy":"category","embeddable":true,"href":"https:\/\/www.vieravisio.cat\/es\/wp-json\/wp\/v2\/categories?post=1284"},{"taxonomy":"post_tag","embeddable":true,"href":"https:\/\/www.vieravisio.cat\/es\/wp-json\/wp\/v2\/tags?post=1284"}],"curies":[{"name":"wp","href":"https:\/\/api.w.org\/{rel}","templated":true}]}}